[{"@context":"https:\/\/schema.org\/","@type":"Article","@id":"https:\/\/www.jurop.cz\/zeny-a-jejich-myslenky\/#Article","mainEntityOfPage":"https:\/\/www.jurop.cz\/zeny-a-jejich-myslenky\/","headline":"\u017deny a jejich my\u0161lenky","name":"\u017deny a jejich my\u0161lenky","description":"\u017densk\u00e9 my\u0161len\u00ed. Co si budeme pov\u00eddat, n\u011bkdy je to jako takov\u00fd mal\u00fd labyrint. Ale up\u0159\u00edmn\u011b, nen\u00ed pr\u00e1v\u011b tohle na n\u00e1s&hellip;","datePublished":"2024-06-30","dateModified":"2024-06-30","author":{"@type":"Person","@id":"https:\/\/www.jurop.cz\/author\/#Person","name":"","url":"https:\/\/www.jurop.cz\/author\/","identifier":1,"image":{"@type":"ImageObject","@id":"https:\/\/secure.gravatar.com\/avatar\/1fd5b20daa9a47a1102459a7c733d369075d8cc724ab489feb8ed72c657d346e?s=96&d=mm&r=g","url":"https:\/\/secure.gravatar.com\/avatar\/1fd5b20daa9a47a1102459a7c733d369075d8cc724ab489feb8ed72c657d346e?s=96&d=mm&r=g","height":96,"width":96}},"publisher":{"@type":"Organization","name":"jurop.cz","logo":{"@type":"ImageObject","@id":"\/logo.png","url":"\/logo.png","width":600,"height":60}},"image":{"@type":"ImageObject","@id":"https:\/\/www.jurop.cz\/wp-content\/uploads\/women-8337216_640_3.jpg","url":"https:\/\/www.jurop.cz\/wp-content\/uploads\/women-8337216_640_3.jpg","height":0,"width":0},"url":"https:\/\/www.jurop.cz\/zeny-a-jejich-myslenky\/","about":["\u017deny"],"wordCount":442,"articleBody":"\u017densk\u00e9 my\u0161len\u00ed. Co si budeme pov\u00eddat, n\u011bkdy je to jako takov\u00fd mal\u00fd labyrint. Ale up\u0159\u00edmn\u011b, nen\u00ed pr\u00e1v\u011b tohle na n\u00e1s kouzeln\u00e9? Jak si dok\u00e1\u017eeme spojit zd\u00e1nliv\u011b nesouvisej\u00edc\u00ed v\u011bci, pochopit emoce druh\u00fdch nebo vyc\u00edtit, \u017ee n\u011bco nen\u00ed \u00fapln\u011b v po\u0159\u00e1dku, ani\u017e bychom m\u011bly v\u0161echny informace?\u00a0\u0158\u00edk\u00e1 se, \u017ee \u017eeny mysl\u00ed jinak ne\u017e mu\u017ei. No ano, to je pravda. Zat\u00edmco chlapi si \u010dasto jedou sv\u016fj p\u0159\u00edm\u00fd sm\u011br, my ob\u010das k c\u00edli doraz\u00edme oklikou. A co? Ta cesta je pln\u00e1 detail\u016f, kr\u00e1sn\u00fdch okam\u017eik\u016f a hlubok\u00fdch \u00favah, kter\u00e9 d\u011blaj\u00ed \u017eivot zaj\u00edmav\u011bj\u0161\u00edm. My\u0161lenky n\u00e1m sk\u00e1\u010dou z jednoho t\u00e9matu na druh\u00e9, ale v\u011b\u0159te mi, v t\u00e9 zd\u00e1nliv\u00e9 nep\u0159ehlednosti je v\u017edycky ukryt\u00fd syst\u00e9m.Jen mo\u017en\u00e1 ne ka\u017ed\u00fd ho na prvn\u00ed pohled vid\u00ed. Mo\u017en\u00e1 to taky zn\u00e1te, mysl\u00edm to, \u017ee sed\u00edte, p\u0159em\u00fd\u0161l\u00edte o tom, co bude k ve\u010de\u0159i, a najednou si vzpomenete, \u017ee jste kamar\u00e1dce u\u017e dlouho nenapsaly. Z ni\u010deho nic se v\u00e1m vybav\u00ed, jak se p\u0159ed t\u00fddnem zm\u00ednila, \u017ee ji n\u011bco tr\u00e1p\u00ed. A vy v\u00edte, \u017ee te\u010f je ten spr\u00e1vn\u00fd \u010das se ozvat. To je p\u0159esn\u011b ono, to\u00a0na\u0161e my\u0161len\u00ed nen\u00ed jen logick\u00e9, je \u010dasto poh\u00e1n\u011bn\u00e9 empati\u00ed.\u00a0N\u011bkdo by mohl \u0159\u00edct, \u017ee a\u017e moc v\u0161echno analyzujeme. A mo\u017en\u00e1 m\u00e1 pravdu. Jen\u017ee pr\u00e1v\u011b d\u00edky tomu vid\u00edme detaily, kter\u00fdch si jin\u00ed ani nev\u0161imnou. Vn\u00edm\u00e1me nuance v t\u00f3nu hlasu, drobn\u00e9 zm\u011bny v chov\u00e1n\u00ed, kter\u00e9 n\u00e1m \u0159\u00edkaj\u00ed, \u017ee n\u011bco nen\u00ed v po\u0159\u00e1dku. Nen\u00ed to dar? Je pravda, \u017ee ob\u010das by se n\u00e1m hodilo m\u00edt v hlav\u011b vyp\u00edna\u010d. Takov\u00fd mal\u00fd kouzeln\u00fd knofl\u00edk, kter\u00fd by n\u00e1m na chv\u00edli dovolil nemyslet na v\u0161echno, co n\u00e1s \u010dek\u00e1, co jsme mo\u017en\u00e1 zapomn\u011bly nebo co bychom mohly ud\u011blat l\u00edp. Ale v\u00edte co? I ten neklid v hlav\u011b je sou\u010d\u00e1st\u00ed toho, k\u00fdm jsme.\u00a0Dok\u00e1\u017eeme p\u0159em\u00fd\u0161let o tom, jak ud\u011blat ostatn\u00edm radost, i kdy\u017e jsme samy unaven\u00e9. Pl\u00e1nujeme narozeninovou oslavu, zat\u00edmco \u017eehl\u00edme pr\u00e1dlo a v hlav\u011b si sepisujeme seznam na n\u00e1kup. A a\u010dkoliv to vypad\u00e1 chaoticky, v\u011bt\u0161inou v\u0161echno n\u011bjak zvl\u00e1dneme. Tak co, \u017ee v\u00a0tom nejsem sama? V\u00a0tom na\u0161em \u017eensk\u00e9m my\u0161len\u00ed?                                                                                                                                                                                                                                                                                                                                                                                                "},{"@context":"https:\/\/schema.org\/","@type":"BreadcrumbList","itemListElement":[{"@type":"ListItem","position":1,"name":"\u017deny a jejich my\u0161lenky","item":"https:\/\/www.jurop.cz\/zeny-a-jejich-myslenky\/#breadcrumbitem"}]}]