[{"@context":"https:\/\/schema.org\/","@type":"Article","@id":"https:\/\/www.jurop.cz\/uzijte-si-letni-festival-naplno\/#Article","mainEntityOfPage":"https:\/\/www.jurop.cz\/uzijte-si-letni-festival-naplno\/","headline":"U\u017eijte si letn\u00ed festival naplno","name":"U\u017eijte si letn\u00ed festival naplno","description":"Co nejv\u00edce milujete na letn\u00edm obdob\u00ed? No jo, slunce, sv\u011b\u017e\u00ed v\u00edtr, teplo, lehk\u00e9 oble\u010den\u00ed a tolik mo\u017enost\u00ed, jak si u\u017e\u00edt&hellip;","datePublished":"2023-06-21","dateModified":"2023-07-24","author":{"@type":"Person","@id":"https:\/\/www.jurop.cz\/author\/#Person","name":"","url":"https:\/\/www.jurop.cz\/author\/","identifier":1,"image":{"@type":"ImageObject","@id":"https:\/\/secure.gravatar.com\/avatar\/1fd5b20daa9a47a1102459a7c733d369075d8cc724ab489feb8ed72c657d346e?s=96&d=mm&r=g","url":"https:\/\/secure.gravatar.com\/avatar\/1fd5b20daa9a47a1102459a7c733d369075d8cc724ab489feb8ed72c657d346e?s=96&d=mm&r=g","height":96,"width":96}},"publisher":{"@type":"Organization","name":"jurop.cz","logo":{"@type":"ImageObject","@id":"\/logo.png","url":"\/logo.png","width":600,"height":60}},"image":{"@type":"ImageObject","@id":"https:\/\/www.jurop.cz\/wp-content\/uploads\/pexels-photo-2513605.jpeg","url":"https:\/\/www.jurop.cz\/wp-content\/uploads\/pexels-photo-2513605.jpeg","height":0,"width":0},"url":"https:\/\/www.jurop.cz\/uzijte-si-letni-festival-naplno\/","about":["Nakupov\u00e1n\u00ed"],"wordCount":427,"articleBody":"   Co nejv\u00edce milujete na letn\u00edm obdob\u00ed? No jo, slunce, sv\u011b\u017e\u00ed v\u00edtr, teplo, lehk\u00e9 oble\u010den\u00ed a tolik mo\u017enost\u00ed, jak si u\u017e\u00edt voln\u00fd \u010das. Nejlep\u0161\u00ed je, str\u00e1vit ho co nejv\u00edce venku. Pro\u010d ne, kdy\u017e to jde? V zim\u011b si uzav\u0159en\u00fdch prostor\u016f u\u017eijeme a\u017e a\u017e. Tak vyra\u017ete na fes\u0165\u00e1k! Ne\u0159\u00edkejte, \u017ee nem\u00e1te n\u011bjak\u00fd v pl\u00e1nu! Alespo\u0148 jeden za cel\u00e9 l\u00e9to. Na ka\u017ed\u00e9m kroku n\u011bjak\u00fd je b\u011bhem cel\u00e9ho l\u00e9ta. V\u017edy\u0165 l\u00e9to je hlavn\u011b ve znamen\u00ed koncert\u016f a festival\u016f. Jak d\u011btsk\u00fdch, tak t\u011bch pro dosp\u011bl\u00e9. A v\u0161ichni dob\u0159e v\u00edme, \u017ee i na t\u011bch pro dosp\u011bl\u00e9 se zabav\u00ed i d\u011bti. V\u017edy se tam pro n\u011b n\u011bjak\u00e1 z\u00e1bava najde. Ta atmosf\u00e9ra strhne i je. Je d\u016fle\u017eit\u00e9 nepodcenit balen\u00ed v\u011bc\u00ed s sebou.Tak\u017ee, jak\u00e9 zvolit dopl\u0148ky na festival Luxbryle? V l\u00e9t\u011b se snadno m\u016f\u017ee st\u00e1t, \u017ee si sp\u00e1l\u00edme poko\u017eku od slun\u00ed\u010dka nebo chytneme \u00fapal \u010di \u00fa\u017eeh. Proto nezapom\u00ednejte na dostate\u010dn\u011b siln\u00e9 opalovac\u00ed kr\u00e9my a pokr\u00fdvky hlavy. Na festival volte nepromokav\u00fd materi\u00e1l. Ano, i k\u0161iltovky nebo klobouky se daj\u00ed koupit takov\u00e9, aby v p\u0159\u00edpad\u011b de\u0161tiv\u00e9ho po\u010das\u00ed nepromokly. Myslete na sv\u016fj komfort. Slune\u010dn\u00ed br\u00fdle by m\u011bly b\u00fdt taky v z\u00e1kladn\u00edm vybaven\u00ed. Hlavn\u011b volte kvalitn\u00ed, kter\u00e9 V\u00e1m poskytnou ochranu o\u010d\u00ed proti slune\u010dn\u00edmu z\u00e1\u0159en\u00ed. V\u011bci, kter\u00e9 budete br\u00e1t sebou, dejte do nepromokav\u00e9ho batohu. Jedin\u011b tak je udr\u017e\u00edte v suchu. Po\u010das\u00ed sice m\u016f\u017ee podle p\u0159edpov\u011bdi po\u010das\u00ed vypadat dob\u0159e, ale zm\u011bnit se to m\u017ee i b\u011bhem chvilky. Proto v t\u011bchto p\u0159\u00edpadech nen\u00ed vhodn\u00e9 se na to stoprocentn\u011b spol\u00e9hat a m\u00edt v z\u00e1sob\u011b jistotu.Pak nebudete nep\u0159\u00edjemn\u011b p\u0159ekvapen\u00ed a u\u017eijete si to i tak. Nenechte si sv\u016fj voln\u00fd \u010das ni\u010d\u00edm zkazit. Budete na festivalu p\u0159esp\u00e1vat? Pak kvalitn\u00ed stan je z\u00e1klad. Pomocn\u00edkem pro V\u00e1s bude i p\u0159es den. M\u016f\u017eete se do n\u011bj schovat p\u0159ed slun\u00ed\u010dkem \u010di p\u0159ed de\u0161t\u011bm. Pak nezapome\u0148te na osobn\u00ed v\u011bci a hlavn\u011b dobrou n\u00e1ladu. Se sv\u00fdmi bl\u00edzk\u00fdmi si u\u017eijete ur\u010dit\u011b spoustu z\u00e1bavy a legrace. T\u0159eba i pozn\u00e1te nov\u00e9 p\u0159\u00e1tele!                                                                                                                                                                                                                                                                                                                                                                                                  "},{"@context":"https:\/\/schema.org\/","@type":"BreadcrumbList","itemListElement":[{"@type":"ListItem","position":1,"name":"U\u017eijte si letn\u00ed festival naplno","item":"https:\/\/www.jurop.cz\/uzijte-si-letni-festival-naplno\/#breadcrumbitem"}]}]