[{"@context":"https:\/\/schema.org\/","@type":"Article","@id":"https:\/\/www.jurop.cz\/krasa-od-prirody\/#Article","mainEntityOfPage":"https:\/\/www.jurop.cz\/krasa-od-prirody\/","headline":"Kr\u00e1sa od p\u0159\u00edrody","name":"Kr\u00e1sa od p\u0159\u00edrody","description":"Pro n\u011bkter\u00e9 lidi b\u00fdv\u00e1 kr\u00e1sa opravdu hodn\u011b d\u016fle\u017eit\u00e1. Jenom\u017ee kr\u00e1sa nen\u00ed v\u0161echno. V\u0161ichni v\u00edme, \u017ee kr\u00e1sa je jenom povrchn\u00ed a&hellip;","datePublished":"2024-09-30","dateModified":"2024-09-30","author":{"@type":"Person","@id":"https:\/\/www.jurop.cz\/author\/#Person","name":"","url":"https:\/\/www.jurop.cz\/author\/","identifier":1,"image":{"@type":"ImageObject","@id":"https:\/\/secure.gravatar.com\/avatar\/1fd5b20daa9a47a1102459a7c733d369075d8cc724ab489feb8ed72c657d346e?s=96&d=mm&r=g","url":"https:\/\/secure.gravatar.com\/avatar\/1fd5b20daa9a47a1102459a7c733d369075d8cc724ab489feb8ed72c657d346e?s=96&d=mm&r=g","height":96,"width":96}},"publisher":{"@type":"Organization","name":"jurop.cz","logo":{"@type":"ImageObject","@id":"\/logo.png","url":"\/logo.png","width":600,"height":60}},"image":{"@type":"ImageObject","@id":"https:\/\/www.jurop.cz\/wp-content\/uploads\/eye-4721699_1280.jpg","url":"https:\/\/www.jurop.cz\/wp-content\/uploads\/eye-4721699_1280.jpg","height":0,"width":0},"url":"https:\/\/www.jurop.cz\/krasa-od-prirody\/","about":["Kr\u00e1sa"],"wordCount":429,"articleBody":"Pro n\u011bkter\u00e9 lidi b\u00fdv\u00e1 kr\u00e1sa opravdu hodn\u011b d\u016fle\u017eit\u00e1. Jenom\u017ee kr\u00e1sa nen\u00ed v\u0161echno. V\u0161ichni v\u00edme, \u017ee kr\u00e1sa je jenom povrchn\u00ed a \u017ee stejn\u011b ka\u017ed\u00fd \u010dlov\u011bk jednoho\u00a0dne zest\u00e1rne. Jenom\u017ee mnoho lid\u00ed si mysl\u00ed, \u017ee je vlastn\u011b kr\u00e1sn\u00fd, \u017ee\u00a0bude \u00fapln\u011b do konce \u017eivota. Samoz\u0159ejm\u011b, \u017ee kr\u00e1sa nen\u00ed v\u0161echno a \u017ee vlastn\u011b na kr\u00e1se zase tak \u00fapln\u011b nez\u00e1le\u017e\u00ed. Z\u00e1le\u017e\u00ed tak\u00e9 na kr\u00e1se charakteru \u010dlov\u011bka. Nebo vy si mysl\u00edte n\u011bco jin\u00e9ho? Co je pro v\u00e1s d\u016fle\u017eit\u011bj\u0161\u00ed? Vnit\u0159n\u00ed kr\u00e1sa anebo ta vn\u011bj\u0161\u00ed kr\u00e1sa? Mnoho lid\u00ed d\u00e1v\u00e1 p\u0159ednost \u00fapln\u011b n\u011b\u010demu jin\u00e9mu, ne\u017e si t\u0159eba mysl\u00ed, \u017ee by mohlo b\u00fdt opravdu kvalitn\u011bj\u0161\u00ed. Anebo co by mohlo b\u00fdt v\u00edce p\u0159\u00ednosn\u011bj\u0161\u00ed anebo tak\u00e9 p\u0159\u00edjemn\u011bj\u0161\u00ed.\u00a0Je logick\u00e9, \u017ee hlavn\u011b p\u00e1nov\u00e9 si p\u0159ej\u00ed m\u00edt vedle sebe n\u011bjakou kr\u00e1snou milenku, a to hlavn\u011b bohat\u00ed p\u00e1nov\u00e9. Bohat\u00ed p\u00e1nov\u00e9\u00a0vedle se je vedle sebe cht\u011bj\u00ed m\u00edt mladou a kr\u00e1snou milenku. A potom tak\u00e9 plat\u00ed hlavn\u011b v\u0161echny plastick\u00e9 chirurgick\u00e9 operace anebo kr\u00e1sn\u00e9 \u0161aty, make-up a tak podobn\u011b. Plat\u00ed j\u00ed tak\u00e9 kade\u0159n\u00edka nebo kosmeti\u010dku, osobn\u00edho tren\u00e9ra nebo mas\u00e9ra a tak podobn\u011b. Tak\u00e9 jim dokonce propl\u00e1c\u00ed r\u016fzn\u00e9 d\u00fdch\u00e1nky s kamar\u00e1dkami. Dokonce si tak\u00e9 mysl\u00edm, \u017ee takov\u00e9mu mu\u017ei by bylo \u00fapln\u011b jedno, jestli by ho jeho partnerka podv\u00e1d\u011bla. Tady jde\u00a0asi hlavn\u011b o to, aby jeho partnerka ho prezentovala na r\u016fzn\u00fdch firemn\u00edch akc\u00edch a firemn\u00edch ve\u010d\u00edrc\u00edch a r\u016fzn\u00fdch firemn\u00edch d\u00fdch\u00e1nc\u00edch anebo dal\u0161\u00edch akc\u00edch a meetingu. Proto si mysl\u00edm, \u017ee kr\u00e1sa vlastn\u011b tady pro n\u011bkoho je opravdu hodn\u011b d\u016fle\u017eit\u00e1. Pro n\u011bkoho je d\u016fle\u017eit\u00e9, aby n\u011bkdo n\u011bkoho reprezentoval, aby n\u011bkoho prezentoval, ale abych se m\u011bla t\u0159eba zam\u011b\u0159it na sebe, tak j\u00e1 tak\u00e9 o sebe pe\u010duji. A kr\u00e1sa se pro m\u011b znamen\u00e1 tak\u00e9 docela mnoho. J\u00e1 jsem si \u0159ekla, \u017ee neb\u00fdt opravdu kr\u00e1sy m\u00e9 maminky, jak bych asi vypadala? Proto\u017ee moje maminka je kr\u00e1sn\u00e1. Opravdu od p\u0159\u00edrody. A\u00a0sama \u0159\u00edk\u00e1, \u017ee v\u016fbec na sob\u011b nem\u011bla \u017e\u00e1dnou plastickou \u00fapravu a \u017e\u00e1dnou plastickou operaci. Douf\u00e1m, \u017ee tak\u00e9 jenom takhle na tom budu stejn\u011b jako moje maminka.\u00a0                                                                                                                                                                                                                                                                                                                                                                                                "},{"@context":"https:\/\/schema.org\/","@type":"BreadcrumbList","itemListElement":[{"@type":"ListItem","position":1,"name":"Kr\u00e1sa od p\u0159\u00edrody","item":"https:\/\/www.jurop.cz\/krasa-od-prirody\/#breadcrumbitem"}]}]